{"id":3666,"date":"2023-06-20T13:42:34","date_gmt":"2023-06-20T16:42:34","guid":{"rendered":"https:\/\/crefito4.org.br\/site\/?p=3666"},"modified":"2023-06-20T13:49:04","modified_gmt":"2023-06-20T16:49:04","slug":"resolucao-no-01-de-11-de-dezembro-de-1977","status":"publish","type":"post","link":"https:\/\/crefito4.org.br\/site\/2023\/06\/20\/resolucao-no-01-de-11-de-dezembro-de-1977\/","title":{"rendered":"RESOLU\u00c7\u00c3O N\u00ba. 01, de 11 de dezembro de 1977"},"content":{"rendered":"\t\t<div data-elementor-type=\"wp-post\" data-elementor-id=\"3666\" class=\"elementor elementor-3666\" data-elementor-post-type=\"post\">\n\t\t\t\t\t\t<section class=\"elementor-section elementor-top-section elementor-element elementor-element-faf5fe6 elementor-section-boxed elementor-section-height-default elementor-section-height-default\" data-id=\"faf5fe6\" data-element_type=\"section\" data-e-type=\"section\">\n\t\t\t\t\t\t<div class=\"elementor-container elementor-column-gap-default\">\n\t\t\t\t\t<div class=\"elementor-column elementor-col-100 elementor-top-column elementor-element elementor-element-035964a\" data-id=\"035964a\" data-element_type=\"column\" data-e-type=\"column\">\n\t\t\t<div class=\"elementor-widget-wrap elementor-element-populated\">\n\t\t\t\t\t\t<div class=\"elementor-element elementor-element-f747c31 elementor-widget elementor-widget-text-editor\" data-id=\"f747c31\" data-element_type=\"widget\" data-e-type=\"widget\" data-widget_type=\"text-editor.default\">\n\t\t\t\t<div class=\"elementor-widget-container\">\n\t\t\t\t\t\t\t\t\t<h1><span style=\"color: rgb(25, 35, 45); font-family: &quot;Roboto Slab&quot;, Georgia, serif; font-size: 24px; text-align: left; background-color: var( --e-global-color-c696dce );\">RESOLU\u00c7\u00c3O N\u00ba. 02, de 15 de janeiro de 1978<\/span><br><\/h1><div><p style=\"margin-bottom: 21px; padding: 0px; border: 0px; vertical-align: baseline; font-size: 13px; font-family: &quot;Open Sans&quot;, Arial, sans-serif; color: rgb(96, 101, 105); text-align: left;\"><strong style=\"margin: 0px; padding: 0px; border: 0px; vertical-align: baseline; font-family: inherit;\">CONSELHO FEDERAL DE FISIOTERAPIA E TERAPIA OCUPACIONAL<\/strong><\/p><p style=\"margin-bottom: 21px; padding: 0px; border: 0px; vertical-align: baseline; font-size: 13px; font-family: &quot;Open Sans&quot;, Arial, sans-serif; color: rgb(96, 101, 105); text-align: left;\">D.O.U. n\u00ba. 50 &#8211; de 14\/03\/78, P\u00e1g. 1179, Se\u00e7\u00e3o I, Parte II<\/p><p style=\"margin-bottom: 21px; padding: 0px; border: 0px; vertical-align: baseline; font-size: 13px; font-family: &quot;Open Sans&quot;, Arial, sans-serif; color: rgb(96, 101, 105); text-align: left;\"><em style=\"margin: 0px; padding: 0px; border: 0px; vertical-align: baseline; font-family: inherit;\">RESOLU\u00c7\u00c3O COFFITO- 2<\/em><\/p><p style=\"margin-bottom: 21px; padding: 0px; border: 0px; vertical-align: baseline; font-size: 13px; font-family: &quot;Open Sans&quot;, Arial, sans-serif; color: rgb(96, 101, 105); text-align: left;\">Designa os membros efetivos, a Diretoria e os suplentes do primeiro Conselho Regional de Fisioterapia e Terapia Ocupacional da 3\u00aa Regi\u00e3o.<\/p><p style=\"margin-bottom: 21px; padding: 0px; border: 0px; vertical-align: baseline; font-size: 13px; font-family: &quot;Open Sans&quot;, Arial, sans-serif; color: rgb(96, 101, 105); text-align: left;\">A Presidente do Conselho Federal de Fisioterapia e Terapia Ocupacional, cumprindo delibera\u00e7\u00e3o do Plen\u00e1rio no exerc\u00edcio da compet\u00eancia a que aludem os incisos II e IV do art. 5\u00ba., da Lei n\u00ba. 6.316, de 17 de dezembro de 1975, em sua 6\u00aa. reuni\u00e3o ordin\u00e1ria, realizada no per\u00edodo de 13 a 15 de janeiro de 1978, resolve:<\/p><p style=\"margin-bottom: 21px; padding: 0px; border: 0px; vertical-align: baseline; font-size: 13px; font-family: &quot;Open Sans&quot;, Arial, sans-serif; color: rgb(96, 101, 105); text-align: left;\">Art. 1\u00ba.&nbsp; S\u00e3o designados, por este ato, nos termos do disposto na Resolu\u00e7\u00e3o COFFITO-1, de 11 de dezembro de 1977, os membros efetivos, a Diretoria e os suplentes do primeiro Conselho Regional de Fisioterapia e Terapia Ocupacional da 3\u00ba. Regi\u00e3o (CREFITO-3):<\/p><p style=\"margin-bottom: 21px; padding: 0px; border: 0px; vertical-align: baseline; font-size: 13px; font-family: &quot;Open Sans&quot;, Arial, sans-serif; color: rgb(96, 101, 105); text-align: left;\">I &#8211; Membros efetivos:<\/p><p style=\"margin-bottom: 21px; padding: 0px; border: 0px; vertical-align: baseline; font-size: 13px; font-family: &quot;Open Sans&quot;, Arial, sans-serif; color: rgb(96, 101, 105); text-align: left;\">&#8211; C\u00e9lia Rodrigues Cunha &#8211; Presidente<\/p><p style=\"margin-bottom: 21px; padding: 0px; border: 0px; vertical-align: baseline; font-size: 13px; font-family: &quot;Open Sans&quot;, Arial, sans-serif; color: rgb(96, 101, 105); text-align: left;\">&#8211; C\u00edntia Peixoto &#8211; Vice-Presidente<\/p><p style=\"margin-bottom: 21px; padding: 0px; border: 0px; vertical-align: baseline; font-size: 13px; font-family: &quot;Open Sans&quot;, Arial, sans-serif; color: rgb(96, 101, 105); text-align: left;\">&#8211; Augusto Cezar Mazzoca &#8211; Secret\u00e1rio<\/p><p style=\"margin-bottom: 21px; padding: 0px; border: 0px; vertical-align: baseline; font-size: 13px; font-family: &quot;Open Sans&quot;, Arial, sans-serif; color: rgb(96, 101, 105); text-align: left;\">&#8211; Mara Teixeira de Freitas &#8211; Tesoureiro<\/p><p style=\"margin-bottom: 21px; padding: 0px; border: 0px; vertical-align: baseline; font-size: 13px; font-family: &quot;Open Sans&quot;, Arial, sans-serif; color: rgb(96, 101, 105); text-align: left;\">&#8211; Domingos Diacoli<\/p><p style=\"margin-bottom: 21px; padding: 0px; border: 0px; vertical-align: baseline; font-size: 13px; font-family: &quot;Open Sans&quot;, Arial, sans-serif; color: rgb(96, 101, 105); text-align: left;\">&#8211; Edda Franca Franck de Castilho<\/p><p style=\"margin-bottom: 21px; padding: 0px; border: 0px; vertical-align: baseline; font-size: 13px; font-family: &quot;Open Sans&quot;, Arial, sans-serif; color: rgb(96, 101, 105); text-align: left;\">&#8211; Edison Tarouco Bueno<\/p><p style=\"margin-bottom: 21px; padding: 0px; border: 0px; vertical-align: baseline; font-size: 13px; font-family: &quot;Open Sans&quot;, Arial, sans-serif; color: rgb(96, 101, 105); text-align: left;\">&#8211; Maria L\u00facia Dota<\/p><p style=\"margin-bottom: 21px; padding: 0px; border: 0px; vertical-align: baseline; font-size: 13px; font-family: &quot;Open Sans&quot;, Arial, sans-serif; color: rgb(96, 101, 105); text-align: left;\">&#8211; Mirian Suzana Elizabeth Carmen Ballian<\/p><p style=\"margin-bottom: 21px; padding: 0px; border: 0px; vertical-align: baseline; font-size: 13px; font-family: &quot;Open Sans&quot;, Arial, sans-serif; color: rgb(96, 101, 105); text-align: left;\">II &#8211; Suplentes:<\/p><p style=\"margin-bottom: 21px; padding: 0px; border: 0px; vertical-align: baseline; font-size: 13px; font-family: &quot;Open Sans&quot;, Arial, sans-serif; color: rgb(96, 101, 105); text-align: left;\">&#8211; Alveni Maria Ver\u00edssimo de Oliveira<\/p><p style=\"margin-bottom: 21px; padding: 0px; border: 0px; vertical-align: baseline; font-size: 13px; font-family: &quot;Open Sans&quot;, Arial, sans-serif; color: rgb(96, 101, 105); text-align: left;\">&#8211; Carmen de Morais<\/p><p style=\"margin-bottom: 21px; padding: 0px; border: 0px; vertical-align: baseline; font-size: 13px; font-family: &quot;Open Sans&quot;, Arial, sans-serif; color: rgb(96, 101, 105); text-align: left;\">&#8211; Haide Abujad<\/p><p style=\"margin-bottom: 21px; padding: 0px; border: 0px; vertical-align: baseline; font-size: 13px; font-family: &quot;Open Sans&quot;, Arial, sans-serif; color: rgb(96, 101, 105); text-align: left;\">&#8211; Herm\u00ednia Martins Martinez<\/p><p style=\"margin-bottom: 21px; padding: 0px; border: 0px; vertical-align: baseline; font-size: 13px; font-family: &quot;Open Sans&quot;, Arial, sans-serif; color: rgb(96, 101, 105); text-align: left;\">&#8211; Maria In\u00eas Marino<\/p><p style=\"margin-bottom: 21px; padding: 0px; border: 0px; vertical-align: baseline; font-size: 13px; font-family: &quot;Open Sans&quot;, Arial, sans-serif; color: rgb(96, 101, 105); text-align: left;\">&#8211; Nilza Maria Nicolino Maciel<\/p><p style=\"margin-bottom: 21px; padding: 0px; border: 0px; vertical-align: baseline; font-size: 13px; font-family: &quot;Open Sans&quot;, Arial, sans-serif; color: rgb(96, 101, 105); text-align: left;\">&#8211; Otoniel de Lima Mendes Filho<\/p><p style=\"margin-bottom: 21px; padding: 0px; border: 0px; vertical-align: baseline; font-size: 13px; font-family: &quot;Open Sans&quot;, Arial, sans-serif; color: rgb(96, 101, 105); text-align: left;\">&#8211; Priscilla Bradi Field Haigh<\/p><p style=\"margin-bottom: 21px; padding: 0px; border: 0px; vertical-align: baseline; font-size: 13px; font-family: &quot;Open Sans&quot;, Arial, sans-serif; color: rgb(96, 101, 105); text-align: left;\">&#8211; Roberto Ferreira de Queir\u00f3s<\/p><p style=\"margin-bottom: 21px; padding: 0px; border: 0px; vertical-align: baseline; font-size: 13px; font-family: &quot;Open Sans&quot;, Arial, sans-serif; color: rgb(96, 101, 105); text-align: left;\">Art. 2\u00ba.&nbsp; Compete ao CREFITO-3 promover, na \u00e1rea de sua jurisdi\u00e7\u00e3o, as medidas de que trata o art. 3\u00ba., da Resolu\u00e7\u00e3o COFFITO-1\/77.<\/p><p style=\"margin-bottom: 21px; padding: 0px; border: 0px; vertical-align: baseline; font-size: 13px; font-family: &quot;Open Sans&quot;, Arial, sans-serif; color: rgb(96, 101, 105); text-align: left;\">Art. 3\u00ba.&nbsp; Esta Resolu\u00e7\u00e3o entra em vigor nesta data, independentemente de sua publica\u00e7\u00e3o.<\/p><p style=\"margin-bottom: 21px; padding: 0px; border: 0px; vertical-align: baseline; font-size: 13px; font-family: &quot;Open Sans&quot;, Arial, sans-serif; color: rgb(96, 101, 105); text-align: left;\">Bras\u00edlia, 15 de janeiro de 1978.<\/p><p style=\"margin-bottom: 21px; padding: 0px; border: 0px; vertical-align: baseline; font-size: 13px; font-family: &quot;Open Sans&quot;, Arial, sans-serif; color: rgb(96, 101, 105); text-align: left;\">VLADIMIRO RIBEIRO DE OLIVEIRA&nbsp;&nbsp;&nbsp;&nbsp;&nbsp;&nbsp;&nbsp;&nbsp;&nbsp;&nbsp;&nbsp;&nbsp;&nbsp;&nbsp;&nbsp;&nbsp;&nbsp;&nbsp;&nbsp;&nbsp;&nbsp;&nbsp;&nbsp;&nbsp;&nbsp;&nbsp;&nbsp;&nbsp;&nbsp;&nbsp;&nbsp;&nbsp; SONIA GUSMAN<\/p><p style=\"margin-bottom: 21px; padding: 0px; border: 0px; vertical-align: baseline; font-size: 13px; font-family: &quot;Open Sans&quot;, Arial, sans-serif; color: rgb(96, 101, 105); text-align: left;\">SECRET\u00c1RIO&nbsp;&nbsp;&nbsp;&nbsp;&nbsp;&nbsp;&nbsp;&nbsp;&nbsp;&nbsp;&nbsp;&nbsp;&nbsp;&nbsp;&nbsp;&nbsp;&nbsp;&nbsp;&nbsp;&nbsp;&nbsp;&nbsp;&nbsp;&nbsp;&nbsp;&nbsp;&nbsp;&nbsp;&nbsp;&nbsp;&nbsp;&nbsp;&nbsp;&nbsp;&nbsp;&nbsp;&nbsp;&nbsp;&nbsp;&nbsp;&nbsp;&nbsp;&nbsp;&nbsp;&nbsp;&nbsp;&nbsp;&nbsp;&nbsp;&nbsp;&nbsp; PRESIDENTE<\/p><\/div>\n<p><\/p>\t\t\t\t\t\t\t\t<\/div>\n\t\t\t\t<\/div>\n\t\t\t\t\t<\/div>\n\t\t<\/div>\n\t\t\t\t\t<\/div>\n\t\t<\/section>\n\t\t\t\t<\/div>\n\t\t","protected":false},"excerpt":{"rendered":"<p>RESOLU\u00c7\u00c3O N\u00ba. 02, de 15 de janeiro de 1978 CONSELHO FEDERAL DE FISIOTERAPIA E TERAPIA OCUPACIONAL D.O.U. n\u00ba. 50 &#8211; de 14\/03\/78, P\u00e1g. 1179, Se\u00e7\u00e3o I, Parte II RESOLU\u00c7\u00c3O COFFITO- 2 Designa os membros efetivos, a Diretoria e os suplentes do primeiro Conselho Regional de Fisioterapia e Terapia Ocupacional da [&hellip;]<\/p>\n","protected":false},"author":1,"featured_media":0,"comment_status":"open","ping_status":"open","sticky":false,"template":"","format":"standard","meta":{"footnotes":""},"categories":[19],"tags":[],"class_list":["post-3666","post","type-post","status-publish","format-standard","hentry","category-resolucoes"],"yoast_head":"<!-- This site is optimized with the Yoast SEO plugin v27.4 - https:\/\/yoast.com\/product\/yoast-seo-wordpress\/ -->\n<title>RESOLU\u00c7\u00c3O N\u00ba. 01, de 11 de dezembro de 1977 - CREFITO-4<\/title>\n<meta name=\"robots\" content=\"index, follow, max-snippet:-1, max-image-preview:large, max-video-preview:-1\" \/>\n<link rel=\"canonical\" href=\"https:\/\/crefito4.org.br\/site\/2023\/06\/20\/resolucao-no-01-de-11-de-dezembro-de-1977\/\" \/>\n<meta property=\"og:locale\" content=\"pt_BR\" \/>\n<meta property=\"og:type\" content=\"article\" \/>\n<meta property=\"og:title\" content=\"RESOLU\u00c7\u00c3O N\u00ba. 01, de 11 de dezembro de 1977 - CREFITO-4\" \/>\n<meta property=\"og:description\" content=\"RESOLU\u00c7\u00c3O N\u00ba. 02, de 15 de janeiro de 1978 CONSELHO FEDERAL DE FISIOTERAPIA E TERAPIA OCUPACIONAL D.O.U. n\u00ba. 50 &#8211; de 14\/03\/78, P\u00e1g. 1179, Se\u00e7\u00e3o I, Parte II RESOLU\u00c7\u00c3O COFFITO- 2 Designa os membros efetivos, a Diretoria e os suplentes do primeiro Conselho Regional de Fisioterapia e Terapia Ocupacional da [&hellip;]\" \/>\n<meta property=\"og:url\" content=\"https:\/\/crefito4.org.br\/site\/2023\/06\/20\/resolucao-no-01-de-11-de-dezembro-de-1977\/\" \/>\n<meta property=\"og:site_name\" content=\"CREFITO-4\" \/>\n<meta property=\"article:publisher\" content=\"https:\/\/www.facebook.com\/Crefito4\/\" \/>\n<meta property=\"article:published_time\" content=\"2023-06-20T16:42:34+00:00\" \/>\n<meta property=\"article:modified_time\" content=\"2023-06-20T16:49:04+00:00\" \/>\n<meta name=\"author\" content=\"M\u00e9dice\" \/>\n<meta name=\"twitter:card\" content=\"summary_large_image\" \/>\n<meta name=\"twitter:label1\" content=\"Escrito por\" \/>\n\t<meta name=\"twitter:data1\" content=\"M\u00e9dice\" \/>\n\t<meta name=\"twitter:label2\" content=\"Est. tempo de leitura\" \/>\n\t<meta name=\"twitter:data2\" content=\"2 minutos\" \/>\n<script type=\"application\/ld+json\" class=\"yoast-schema-graph\">{\"@context\":\"https:\\\/\\\/schema.org\",\"@graph\":[{\"@type\":\"Article\",\"@id\":\"https:\\\/\\\/crefito4.org.br\\\/site\\\/2023\\\/06\\\/20\\\/resolucao-no-01-de-11-de-dezembro-de-1977\\\/#article\",\"isPartOf\":{\"@id\":\"https:\\\/\\\/crefito4.org.br\\\/site\\\/2023\\\/06\\\/20\\\/resolucao-no-01-de-11-de-dezembro-de-1977\\\/\"},\"author\":{\"name\":\"M\u00e9dice\",\"@id\":\"https:\\\/\\\/crefito4.org.br\\\/site\\\/#\\\/schema\\\/person\\\/30215f3eac599a75e6e5ed4fffc8f025\"},\"headline\":\"RESOLU\u00c7\u00c3O N\u00ba. 01, de 11 de dezembro de 1977\",\"datePublished\":\"2023-06-20T16:42:34+00:00\",\"dateModified\":\"2023-06-20T16:49:04+00:00\",\"mainEntityOfPage\":{\"@id\":\"https:\\\/\\\/crefito4.org.br\\\/site\\\/2023\\\/06\\\/20\\\/resolucao-no-01-de-11-de-dezembro-de-1977\\\/\"},\"wordCount\":393,\"commentCount\":0,\"publisher\":{\"@id\":\"https:\\\/\\\/crefito4.org.br\\\/site\\\/#organization\"},\"articleSection\":[\"Resolu\u00e7\u00f5es\"],\"inLanguage\":\"pt-BR\",\"potentialAction\":[{\"@type\":\"CommentAction\",\"name\":\"Comment\",\"target\":[\"https:\\\/\\\/crefito4.org.br\\\/site\\\/2023\\\/06\\\/20\\\/resolucao-no-01-de-11-de-dezembro-de-1977\\\/#respond\"]}]},{\"@type\":\"WebPage\",\"@id\":\"https:\\\/\\\/crefito4.org.br\\\/site\\\/2023\\\/06\\\/20\\\/resolucao-no-01-de-11-de-dezembro-de-1977\\\/\",\"url\":\"https:\\\/\\\/crefito4.org.br\\\/site\\\/2023\\\/06\\\/20\\\/resolucao-no-01-de-11-de-dezembro-de-1977\\\/\",\"name\":\"RESOLU\u00c7\u00c3O N\u00ba. 01, de 11 de dezembro de 1977 - CREFITO-4\",\"isPartOf\":{\"@id\":\"https:\\\/\\\/crefito4.org.br\\\/site\\\/#website\"},\"datePublished\":\"2023-06-20T16:42:34+00:00\",\"dateModified\":\"2023-06-20T16:49:04+00:00\",\"breadcrumb\":{\"@id\":\"https:\\\/\\\/crefito4.org.br\\\/site\\\/2023\\\/06\\\/20\\\/resolucao-no-01-de-11-de-dezembro-de-1977\\\/#breadcrumb\"},\"inLanguage\":\"pt-BR\",\"potentialAction\":[{\"@type\":\"ReadAction\",\"target\":[\"https:\\\/\\\/crefito4.org.br\\\/site\\\/2023\\\/06\\\/20\\\/resolucao-no-01-de-11-de-dezembro-de-1977\\\/\"]}]},{\"@type\":\"BreadcrumbList\",\"@id\":\"https:\\\/\\\/crefito4.org.br\\\/site\\\/2023\\\/06\\\/20\\\/resolucao-no-01-de-11-de-dezembro-de-1977\\\/#breadcrumb\",\"itemListElement\":[{\"@type\":\"ListItem\",\"position\":1,\"name\":\"In\u00edcio\",\"item\":\"https:\\\/\\\/crefito4.org.br\\\/site\\\/\"},{\"@type\":\"ListItem\",\"position\":2,\"name\":\"RESOLU\u00c7\u00c3O N\u00ba. 01, de 11 de dezembro de 1977\"}]},{\"@type\":\"WebSite\",\"@id\":\"https:\\\/\\\/crefito4.org.br\\\/site\\\/#website\",\"url\":\"https:\\\/\\\/crefito4.org.br\\\/site\\\/\",\"name\":\"CREFITO-4\",\"description\":\"Conselho Regional de Fisioterapia e Terapia Ocupacional da 4\u00aa Regi\u00e3o\",\"publisher\":{\"@id\":\"https:\\\/\\\/crefito4.org.br\\\/site\\\/#organization\"},\"potentialAction\":[{\"@type\":\"SearchAction\",\"target\":{\"@type\":\"EntryPoint\",\"urlTemplate\":\"https:\\\/\\\/crefito4.org.br\\\/site\\\/?s={search_term_string}\"},\"query-input\":{\"@type\":\"PropertyValueSpecification\",\"valueRequired\":true,\"valueName\":\"search_term_string\"}}],\"inLanguage\":\"pt-BR\"},{\"@type\":\"Organization\",\"@id\":\"https:\\\/\\\/crefito4.org.br\\\/site\\\/#organization\",\"name\":\"CREFITO-4\",\"url\":\"https:\\\/\\\/crefito4.org.br\\\/site\\\/\",\"logo\":{\"@type\":\"ImageObject\",\"inLanguage\":\"pt-BR\",\"@id\":\"https:\\\/\\\/crefito4.org.br\\\/site\\\/#\\\/schema\\\/logo\\\/image\\\/\",\"url\":\"https:\\\/\\\/crefito4.org.br\\\/site\\\/wp-content\\\/uploads\\\/2023\\\/11\\\/logomarca-crefito4.png\",\"contentUrl\":\"https:\\\/\\\/crefito4.org.br\\\/site\\\/wp-content\\\/uploads\\\/2023\\\/11\\\/logomarca-crefito4.png\",\"width\":795,\"height\":233,\"caption\":\"CREFITO-4\"},\"image\":{\"@id\":\"https:\\\/\\\/crefito4.org.br\\\/site\\\/#\\\/schema\\\/logo\\\/image\\\/\"},\"sameAs\":[\"https:\\\/\\\/www.facebook.com\\\/Crefito4\\\/\",\"https:\\\/\\\/www.instagram.com\\\/crefito4\\\/\"]},{\"@type\":\"Person\",\"@id\":\"https:\\\/\\\/crefito4.org.br\\\/site\\\/#\\\/schema\\\/person\\\/30215f3eac599a75e6e5ed4fffc8f025\",\"name\":\"M\u00e9dice\",\"image\":{\"@type\":\"ImageObject\",\"inLanguage\":\"pt-BR\",\"@id\":\"https:\\\/\\\/secure.gravatar.com\\\/avatar\\\/b4de065fe32ac9f4c1cab19d22f0cb2d251eae8867c87ee8136891c639a02e46?s=96&d=mm&r=g\",\"url\":\"https:\\\/\\\/secure.gravatar.com\\\/avatar\\\/b4de065fe32ac9f4c1cab19d22f0cb2d251eae8867c87ee8136891c639a02e46?s=96&d=mm&r=g\",\"contentUrl\":\"https:\\\/\\\/secure.gravatar.com\\\/avatar\\\/b4de065fe32ac9f4c1cab19d22f0cb2d251eae8867c87ee8136891c639a02e46?s=96&d=mm&r=g\",\"caption\":\"M\u00e9dice\"},\"sameAs\":[\"http:\\\/\\\/crefito4.org.br\\\/site\"],\"url\":\"https:\\\/\\\/crefito4.org.br\\\/site\\\/author\\\/crefito4-ti\\\/\"}]}<\/script>\n<!-- \/ Yoast SEO plugin. -->","yoast_head_json":{"title":"RESOLU\u00c7\u00c3O N\u00ba. 01, de 11 de dezembro de 1977 - CREFITO-4","robots":{"index":"index","follow":"follow","max-snippet":"max-snippet:-1","max-image-preview":"max-image-preview:large","max-video-preview":"max-video-preview:-1"},"canonical":"https:\/\/crefito4.org.br\/site\/2023\/06\/20\/resolucao-no-01-de-11-de-dezembro-de-1977\/","og_locale":"pt_BR","og_type":"article","og_title":"RESOLU\u00c7\u00c3O N\u00ba. 01, de 11 de dezembro de 1977 - CREFITO-4","og_description":"RESOLU\u00c7\u00c3O N\u00ba. 02, de 15 de janeiro de 1978 CONSELHO FEDERAL DE FISIOTERAPIA E TERAPIA OCUPACIONAL D.O.U. n\u00ba. 50 &#8211; de 14\/03\/78, P\u00e1g. 1179, Se\u00e7\u00e3o I, Parte II RESOLU\u00c7\u00c3O COFFITO- 2 Designa os membros efetivos, a Diretoria e os suplentes do primeiro Conselho Regional de Fisioterapia e Terapia Ocupacional da [&hellip;]","og_url":"https:\/\/crefito4.org.br\/site\/2023\/06\/20\/resolucao-no-01-de-11-de-dezembro-de-1977\/","og_site_name":"CREFITO-4","article_publisher":"https:\/\/www.facebook.com\/Crefito4\/","article_published_time":"2023-06-20T16:42:34+00:00","article_modified_time":"2023-06-20T16:49:04+00:00","author":"M\u00e9dice","twitter_card":"summary_large_image","twitter_misc":{"Escrito por":"M\u00e9dice","Est. tempo de leitura":"2 minutos"},"schema":{"@context":"https:\/\/schema.org","@graph":[{"@type":"Article","@id":"https:\/\/crefito4.org.br\/site\/2023\/06\/20\/resolucao-no-01-de-11-de-dezembro-de-1977\/#article","isPartOf":{"@id":"https:\/\/crefito4.org.br\/site\/2023\/06\/20\/resolucao-no-01-de-11-de-dezembro-de-1977\/"},"author":{"name":"M\u00e9dice","@id":"https:\/\/crefito4.org.br\/site\/#\/schema\/person\/30215f3eac599a75e6e5ed4fffc8f025"},"headline":"RESOLU\u00c7\u00c3O N\u00ba. 01, de 11 de dezembro de 1977","datePublished":"2023-06-20T16:42:34+00:00","dateModified":"2023-06-20T16:49:04+00:00","mainEntityOfPage":{"@id":"https:\/\/crefito4.org.br\/site\/2023\/06\/20\/resolucao-no-01-de-11-de-dezembro-de-1977\/"},"wordCount":393,"commentCount":0,"publisher":{"@id":"https:\/\/crefito4.org.br\/site\/#organization"},"articleSection":["Resolu\u00e7\u00f5es"],"inLanguage":"pt-BR","potentialAction":[{"@type":"CommentAction","name":"Comment","target":["https:\/\/crefito4.org.br\/site\/2023\/06\/20\/resolucao-no-01-de-11-de-dezembro-de-1977\/#respond"]}]},{"@type":"WebPage","@id":"https:\/\/crefito4.org.br\/site\/2023\/06\/20\/resolucao-no-01-de-11-de-dezembro-de-1977\/","url":"https:\/\/crefito4.org.br\/site\/2023\/06\/20\/resolucao-no-01-de-11-de-dezembro-de-1977\/","name":"RESOLU\u00c7\u00c3O N\u00ba. 01, de 11 de dezembro de 1977 - CREFITO-4","isPartOf":{"@id":"https:\/\/crefito4.org.br\/site\/#website"},"datePublished":"2023-06-20T16:42:34+00:00","dateModified":"2023-06-20T16:49:04+00:00","breadcrumb":{"@id":"https:\/\/crefito4.org.br\/site\/2023\/06\/20\/resolucao-no-01-de-11-de-dezembro-de-1977\/#breadcrumb"},"inLanguage":"pt-BR","potentialAction":[{"@type":"ReadAction","target":["https:\/\/crefito4.org.br\/site\/2023\/06\/20\/resolucao-no-01-de-11-de-dezembro-de-1977\/"]}]},{"@type":"BreadcrumbList","@id":"https:\/\/crefito4.org.br\/site\/2023\/06\/20\/resolucao-no-01-de-11-de-dezembro-de-1977\/#breadcrumb","itemListElement":[{"@type":"ListItem","position":1,"name":"In\u00edcio","item":"https:\/\/crefito4.org.br\/site\/"},{"@type":"ListItem","position":2,"name":"RESOLU\u00c7\u00c3O N\u00ba. 01, de 11 de dezembro de 1977"}]},{"@type":"WebSite","@id":"https:\/\/crefito4.org.br\/site\/#website","url":"https:\/\/crefito4.org.br\/site\/","name":"CREFITO-4","description":"Conselho Regional de Fisioterapia e Terapia Ocupacional da 4\u00aa Regi\u00e3o","publisher":{"@id":"https:\/\/crefito4.org.br\/site\/#organization"},"potentialAction":[{"@type":"SearchAction","target":{"@type":"EntryPoint","urlTemplate":"https:\/\/crefito4.org.br\/site\/?s={search_term_string}"},"query-input":{"@type":"PropertyValueSpecification","valueRequired":true,"valueName":"search_term_string"}}],"inLanguage":"pt-BR"},{"@type":"Organization","@id":"https:\/\/crefito4.org.br\/site\/#organization","name":"CREFITO-4","url":"https:\/\/crefito4.org.br\/site\/","logo":{"@type":"ImageObject","inLanguage":"pt-BR","@id":"https:\/\/crefito4.org.br\/site\/#\/schema\/logo\/image\/","url":"https:\/\/crefito4.org.br\/site\/wp-content\/uploads\/2023\/11\/logomarca-crefito4.png","contentUrl":"https:\/\/crefito4.org.br\/site\/wp-content\/uploads\/2023\/11\/logomarca-crefito4.png","width":795,"height":233,"caption":"CREFITO-4"},"image":{"@id":"https:\/\/crefito4.org.br\/site\/#\/schema\/logo\/image\/"},"sameAs":["https:\/\/www.facebook.com\/Crefito4\/","https:\/\/www.instagram.com\/crefito4\/"]},{"@type":"Person","@id":"https:\/\/crefito4.org.br\/site\/#\/schema\/person\/30215f3eac599a75e6e5ed4fffc8f025","name":"M\u00e9dice","image":{"@type":"ImageObject","inLanguage":"pt-BR","@id":"https:\/\/secure.gravatar.com\/avatar\/b4de065fe32ac9f4c1cab19d22f0cb2d251eae8867c87ee8136891c639a02e46?s=96&d=mm&r=g","url":"https:\/\/secure.gravatar.com\/avatar\/b4de065fe32ac9f4c1cab19d22f0cb2d251eae8867c87ee8136891c639a02e46?s=96&d=mm&r=g","contentUrl":"https:\/\/secure.gravatar.com\/avatar\/b4de065fe32ac9f4c1cab19d22f0cb2d251eae8867c87ee8136891c639a02e46?s=96&d=mm&r=g","caption":"M\u00e9dice"},"sameAs":["http:\/\/crefito4.org.br\/site"],"url":"https:\/\/crefito4.org.br\/site\/author\/crefito4-ti\/"}]}},"_links":{"self":[{"href":"https:\/\/crefito4.org.br\/site\/wp-json\/wp\/v2\/posts\/3666","targetHints":{"allow":["GET"]}}],"collection":[{"href":"https:\/\/crefito4.org.br\/site\/wp-json\/wp\/v2\/posts"}],"about":[{"href":"https:\/\/crefito4.org.br\/site\/wp-json\/wp\/v2\/types\/post"}],"author":[{"embeddable":true,"href":"https:\/\/crefito4.org.br\/site\/wp-json\/wp\/v2\/users\/1"}],"replies":[{"embeddable":true,"href":"https:\/\/crefito4.org.br\/site\/wp-json\/wp\/v2\/comments?post=3666"}],"version-history":[{"count":7,"href":"https:\/\/crefito4.org.br\/site\/wp-json\/wp\/v2\/posts\/3666\/revisions"}],"predecessor-version":[{"id":3673,"href":"https:\/\/crefito4.org.br\/site\/wp-json\/wp\/v2\/posts\/3666\/revisions\/3673"}],"wp:attachment":[{"href":"https:\/\/crefito4.org.br\/site\/wp-json\/wp\/v2\/media?parent=3666"}],"wp:term":[{"taxonomy":"category","embeddable":true,"href":"https:\/\/crefito4.org.br\/site\/wp-json\/wp\/v2\/categories?post=3666"},{"taxonomy":"post_tag","embeddable":true,"href":"https:\/\/crefito4.org.br\/site\/wp-json\/wp\/v2\/tags?post=3666"}],"curies":[{"name":"wp","href":"https:\/\/api.w.org\/{rel}","templated":true}]}}