{"id":100995,"date":"2025-05-21T14:31:38","date_gmt":"2025-05-21T17:31:38","guid":{"rendered":"https:\/\/crefito4.org.br\/site\/?p=100995"},"modified":"2025-05-22T14:34:11","modified_gmt":"2025-05-22T17:34:11","slug":"nota-oficial-em-defesa-da-formacao-presencial-em-fisioterapia-e-terapia-ocupacional","status":"publish","type":"post","link":"https:\/\/crefito4.org.br\/site\/2025\/05\/21\/nota-oficial-em-defesa-da-formacao-presencial-em-fisioterapia-e-terapia-ocupacional\/","title":{"rendered":"Nota Oficial em defesa da FORMA\u00c7\u00c3O PRESENCIAL em Fisioterapia e Terapia Ocupacional"},"content":{"rendered":"<div class=\"wp-block-image\">\n<figure class=\"aligncenter size-large is-resized\"><img fetchpriority=\"high\" decoding=\"async\" width=\"1024\" height=\"768\" src=\"https:\/\/crefito4.org.br\/site\/wp-content\/uploads\/2025\/05\/57533059_1339920039491470_3708299931874754560_n-1024x768.jpg\" alt=\"\" class=\"wp-image-100996\" style=\"width:418px;height:auto\" srcset=\"https:\/\/crefito4.org.br\/site\/wp-content\/uploads\/2025\/05\/57533059_1339920039491470_3708299931874754560_n-1024x768.jpg 1024w, https:\/\/crefito4.org.br\/site\/wp-content\/uploads\/2025\/05\/57533059_1339920039491470_3708299931874754560_n-300x225.jpg 300w, https:\/\/crefito4.org.br\/site\/wp-content\/uploads\/2025\/05\/57533059_1339920039491470_3708299931874754560_n-768x576.jpg 768w, https:\/\/crefito4.org.br\/site\/wp-content\/uploads\/2025\/05\/57533059_1339920039491470_3708299931874754560_n.jpg 1080w\" sizes=\"(max-width: 1024px) 100vw, 1024px\" \/><\/figure>\n<\/div>\n\n\n<p>O CREFITO-4 MG vem a p\u00fablico, por meio desta nota oficial, manifestar sua preocupa\u00e7\u00e3o e veemente discord\u00e2ncia em rela\u00e7\u00e3o ao decreto publicado nesta segunda-feira (19) pelo Governo Federal, que institui o novo Marco Regulat\u00f3rio da Educa\u00e7\u00e3o a Dist\u00e2ncia (EaD) no Brasil. A respectiva normativa determina a proibi\u00e7\u00e3o da modalidade a dist\u00e2ncia para os cursos de Medicina, Enfermagem, Odontologia, Psicologia e Direito, o que este Conselho reconhece como importante avan\u00e7o. Contudo, o referido decreto ignora as evid\u00eancias cient\u00edficas e o clamor das categorias profissionais da Fisioterapia e da Terapia Ocupacional, ao manter a possibilidade de oferta dessas gradua\u00e7\u00f5es na modalidade &#8220;semipresencial&#8221;.<\/p>\n\n\n\n<p>O CREFITO-4 MG, ao longo dos \u00faltimos anos, tem se posicionado com firmeza contra a precariza\u00e7\u00e3o da forma\u00e7\u00e3o profissional. Fomos o primeiro Conselho profissional do pa\u00eds a liderar a\u00e7\u00f5es de alcance regional e nacional de combate a qualquer curso de gradua\u00e7\u00e3o em sa\u00fade na modalidade EaD. A iniciativa do Conselho teve como ponto de partida a apresenta\u00e7\u00e3o de sugest\u00e3o do Projeto de Lei n\u00ba 5.414\/2016, que altera a Lei de Diretrizes e Bases da Educa\u00e7\u00e3o para proibir cursos de gradua\u00e7\u00e3o na sa\u00fade por EaD. O PL tramita atualmente na C\u00e2mara dos Deputados.&nbsp;<\/p>\n\n\n\n<p>Seguiremos incans\u00e1veis contra o EaD na \u00e1rea da sa\u00fade, atuando junto a parlamentares, institui\u00e7\u00f5es de ensino, \u00f3rg\u00e3os de controle, \u00e0 sociedade, e ao pr\u00f3prio Minist\u00e9rio da Educa\u00e7\u00e3o para assegurar a qualidade do ensino e a seguran\u00e7a da assist\u00eancia \u00e0 popula\u00e7\u00e3o.<\/p>\n","protected":false},"excerpt":{"rendered":"<p>O CREFITO-4 MG vem a p\u00fablico, por meio desta nota oficial, manifestar sua preocupa\u00e7\u00e3o e veemente discord\u00e2ncia em rela\u00e7\u00e3o ao decreto publicado nesta segunda-feira (19) pelo Governo Federal, que institui o novo Marco Regulat\u00f3rio da Educa\u00e7\u00e3o a Dist\u00e2ncia (EaD) no Brasil. A respectiva normativa determina a proibi\u00e7\u00e3o da modalidade a [&hellip;]<\/p>\n","protected":false},"author":5,"featured_media":100996,"comment_status":"open","ping_status":"open","sticky":false,"template":"","format":"standard","meta":{"footnotes":""},"categories":[27],"tags":[],"class_list":["post-100995","post","type-post","status-publish","format-standard","has-post-thumbnail","hentry","category-recentes"],"yoast_head":"<!-- This site is optimized with the Yoast SEO plugin v27.4 - https:\/\/yoast.com\/product\/yoast-seo-wordpress\/ -->\n<title>Nota Oficial em defesa da FORMA\u00c7\u00c3O PRESENCIAL em Fisioterapia e Terapia Ocupacional - CREFITO-4<\/title>\n<meta name=\"robots\" content=\"index, follow, max-snippet:-1, max-image-preview:large, max-video-preview:-1\" \/>\n<link rel=\"canonical\" href=\"https:\/\/crefito4.org.br\/site\/2025\/05\/21\/nota-oficial-em-defesa-da-formacao-presencial-em-fisioterapia-e-terapia-ocupacional\/\" \/>\n<meta property=\"og:locale\" content=\"pt_BR\" \/>\n<meta property=\"og:type\" content=\"article\" \/>\n<meta property=\"og:title\" content=\"Nota Oficial em defesa da FORMA\u00c7\u00c3O PRESENCIAL em Fisioterapia e Terapia Ocupacional - CREFITO-4\" \/>\n<meta property=\"og:description\" content=\"O CREFITO-4 MG vem a p\u00fablico, por meio desta nota oficial, manifestar sua preocupa\u00e7\u00e3o e veemente discord\u00e2ncia em rela\u00e7\u00e3o ao decreto publicado nesta segunda-feira (19) pelo Governo Federal, que institui o novo Marco Regulat\u00f3rio da Educa\u00e7\u00e3o a Dist\u00e2ncia (EaD) no Brasil. A respectiva normativa determina a proibi\u00e7\u00e3o da modalidade a [&hellip;]\" \/>\n<meta property=\"og:url\" content=\"https:\/\/crefito4.org.br\/site\/2025\/05\/21\/nota-oficial-em-defesa-da-formacao-presencial-em-fisioterapia-e-terapia-ocupacional\/\" \/>\n<meta property=\"og:site_name\" content=\"CREFITO-4\" \/>\n<meta property=\"article:publisher\" content=\"https:\/\/www.facebook.com\/Crefito4\/\" \/>\n<meta property=\"article:published_time\" content=\"2025-05-21T17:31:38+00:00\" \/>\n<meta property=\"article:modified_time\" content=\"2025-05-22T17:34:11+00:00\" \/>\n<meta property=\"og:image\" content=\"https:\/\/crefito4.org.br\/site\/wp-content\/uploads\/2025\/05\/57533059_1339920039491470_3708299931874754560_n.jpg\" \/>\n\t<meta property=\"og:image:width\" content=\"1080\" \/>\n\t<meta property=\"og:image:height\" content=\"810\" \/>\n\t<meta property=\"og:image:type\" content=\"image\/jpeg\" \/>\n<meta name=\"author\" content=\"Jota\" \/>\n<meta name=\"twitter:card\" content=\"summary_large_image\" \/>\n<meta name=\"twitter:label1\" content=\"Escrito por\" \/>\n\t<meta name=\"twitter:data1\" content=\"Jota\" \/>\n\t<meta name=\"twitter:label2\" content=\"Est. tempo de leitura\" \/>\n\t<meta name=\"twitter:data2\" content=\"2 minutos\" \/>\n<script type=\"application\/ld+json\" class=\"yoast-schema-graph\">{\"@context\":\"https:\\\/\\\/schema.org\",\"@graph\":[{\"@type\":\"Article\",\"@id\":\"https:\\\/\\\/crefito4.org.br\\\/site\\\/2025\\\/05\\\/21\\\/nota-oficial-em-defesa-da-formacao-presencial-em-fisioterapia-e-terapia-ocupacional\\\/#article\",\"isPartOf\":{\"@id\":\"https:\\\/\\\/crefito4.org.br\\\/site\\\/2025\\\/05\\\/21\\\/nota-oficial-em-defesa-da-formacao-presencial-em-fisioterapia-e-terapia-ocupacional\\\/\"},\"author\":{\"name\":\"Jota\",\"@id\":\"https:\\\/\\\/crefito4.org.br\\\/site\\\/#\\\/schema\\\/person\\\/a78a00f583172c2a380c7023ad94625f\"},\"headline\":\"Nota Oficial em defesa da FORMA\u00c7\u00c3O PRESENCIAL em Fisioterapia e Terapia Ocupacional\",\"datePublished\":\"2025-05-21T17:31:38+00:00\",\"dateModified\":\"2025-05-22T17:34:11+00:00\",\"mainEntityOfPage\":{\"@id\":\"https:\\\/\\\/crefito4.org.br\\\/site\\\/2025\\\/05\\\/21\\\/nota-oficial-em-defesa-da-formacao-presencial-em-fisioterapia-e-terapia-ocupacional\\\/\"},\"wordCount\":277,\"commentCount\":0,\"publisher\":{\"@id\":\"https:\\\/\\\/crefito4.org.br\\\/site\\\/#organization\"},\"image\":{\"@id\":\"https:\\\/\\\/crefito4.org.br\\\/site\\\/2025\\\/05\\\/21\\\/nota-oficial-em-defesa-da-formacao-presencial-em-fisioterapia-e-terapia-ocupacional\\\/#primaryimage\"},\"thumbnailUrl\":\"https:\\\/\\\/crefito4.org.br\\\/site\\\/wp-content\\\/uploads\\\/2025\\\/05\\\/57533059_1339920039491470_3708299931874754560_n.jpg\",\"articleSection\":[\"Not\u00edcias Recentes\"],\"inLanguage\":\"pt-BR\",\"potentialAction\":[{\"@type\":\"CommentAction\",\"name\":\"Comment\",\"target\":[\"https:\\\/\\\/crefito4.org.br\\\/site\\\/2025\\\/05\\\/21\\\/nota-oficial-em-defesa-da-formacao-presencial-em-fisioterapia-e-terapia-ocupacional\\\/#respond\"]}]},{\"@type\":\"WebPage\",\"@id\":\"https:\\\/\\\/crefito4.org.br\\\/site\\\/2025\\\/05\\\/21\\\/nota-oficial-em-defesa-da-formacao-presencial-em-fisioterapia-e-terapia-ocupacional\\\/\",\"url\":\"https:\\\/\\\/crefito4.org.br\\\/site\\\/2025\\\/05\\\/21\\\/nota-oficial-em-defesa-da-formacao-presencial-em-fisioterapia-e-terapia-ocupacional\\\/\",\"name\":\"Nota Oficial em defesa da FORMA\u00c7\u00c3O PRESENCIAL em Fisioterapia e Terapia Ocupacional - CREFITO-4\",\"isPartOf\":{\"@id\":\"https:\\\/\\\/crefito4.org.br\\\/site\\\/#website\"},\"primaryImageOfPage\":{\"@id\":\"https:\\\/\\\/crefito4.org.br\\\/site\\\/2025\\\/05\\\/21\\\/nota-oficial-em-defesa-da-formacao-presencial-em-fisioterapia-e-terapia-ocupacional\\\/#primaryimage\"},\"image\":{\"@id\":\"https:\\\/\\\/crefito4.org.br\\\/site\\\/2025\\\/05\\\/21\\\/nota-oficial-em-defesa-da-formacao-presencial-em-fisioterapia-e-terapia-ocupacional\\\/#primaryimage\"},\"thumbnailUrl\":\"https:\\\/\\\/crefito4.org.br\\\/site\\\/wp-content\\\/uploads\\\/2025\\\/05\\\/57533059_1339920039491470_3708299931874754560_n.jpg\",\"datePublished\":\"2025-05-21T17:31:38+00:00\",\"dateModified\":\"2025-05-22T17:34:11+00:00\",\"breadcrumb\":{\"@id\":\"https:\\\/\\\/crefito4.org.br\\\/site\\\/2025\\\/05\\\/21\\\/nota-oficial-em-defesa-da-formacao-presencial-em-fisioterapia-e-terapia-ocupacional\\\/#breadcrumb\"},\"inLanguage\":\"pt-BR\",\"potentialAction\":[{\"@type\":\"ReadAction\",\"target\":[\"https:\\\/\\\/crefito4.org.br\\\/site\\\/2025\\\/05\\\/21\\\/nota-oficial-em-defesa-da-formacao-presencial-em-fisioterapia-e-terapia-ocupacional\\\/\"]}]},{\"@type\":\"ImageObject\",\"inLanguage\":\"pt-BR\",\"@id\":\"https:\\\/\\\/crefito4.org.br\\\/site\\\/2025\\\/05\\\/21\\\/nota-oficial-em-defesa-da-formacao-presencial-em-fisioterapia-e-terapia-ocupacional\\\/#primaryimage\",\"url\":\"https:\\\/\\\/crefito4.org.br\\\/site\\\/wp-content\\\/uploads\\\/2025\\\/05\\\/57533059_1339920039491470_3708299931874754560_n.jpg\",\"contentUrl\":\"https:\\\/\\\/crefito4.org.br\\\/site\\\/wp-content\\\/uploads\\\/2025\\\/05\\\/57533059_1339920039491470_3708299931874754560_n.jpg\",\"width\":1080,\"height\":810},{\"@type\":\"BreadcrumbList\",\"@id\":\"https:\\\/\\\/crefito4.org.br\\\/site\\\/2025\\\/05\\\/21\\\/nota-oficial-em-defesa-da-formacao-presencial-em-fisioterapia-e-terapia-ocupacional\\\/#breadcrumb\",\"itemListElement\":[{\"@type\":\"ListItem\",\"position\":1,\"name\":\"In\u00edcio\",\"item\":\"https:\\\/\\\/crefito4.org.br\\\/site\\\/\"},{\"@type\":\"ListItem\",\"position\":2,\"name\":\"Nota Oficial em defesa da FORMA\u00c7\u00c3O PRESENCIAL em Fisioterapia e Terapia Ocupacional\"}]},{\"@type\":\"WebSite\",\"@id\":\"https:\\\/\\\/crefito4.org.br\\\/site\\\/#website\",\"url\":\"https:\\\/\\\/crefito4.org.br\\\/site\\\/\",\"name\":\"CREFITO-4\",\"description\":\"Conselho Regional de Fisioterapia e Terapia Ocupacional da 4\u00aa Regi\u00e3o\",\"publisher\":{\"@id\":\"https:\\\/\\\/crefito4.org.br\\\/site\\\/#organization\"},\"potentialAction\":[{\"@type\":\"SearchAction\",\"target\":{\"@type\":\"EntryPoint\",\"urlTemplate\":\"https:\\\/\\\/crefito4.org.br\\\/site\\\/?s={search_term_string}\"},\"query-input\":{\"@type\":\"PropertyValueSpecification\",\"valueRequired\":true,\"valueName\":\"search_term_string\"}}],\"inLanguage\":\"pt-BR\"},{\"@type\":\"Organization\",\"@id\":\"https:\\\/\\\/crefito4.org.br\\\/site\\\/#organization\",\"name\":\"CREFITO-4\",\"url\":\"https:\\\/\\\/crefito4.org.br\\\/site\\\/\",\"logo\":{\"@type\":\"ImageObject\",\"inLanguage\":\"pt-BR\",\"@id\":\"https:\\\/\\\/crefito4.org.br\\\/site\\\/#\\\/schema\\\/logo\\\/image\\\/\",\"url\":\"https:\\\/\\\/crefito4.org.br\\\/site\\\/wp-content\\\/uploads\\\/2023\\\/11\\\/logomarca-crefito4.png\",\"contentUrl\":\"https:\\\/\\\/crefito4.org.br\\\/site\\\/wp-content\\\/uploads\\\/2023\\\/11\\\/logomarca-crefito4.png\",\"width\":795,\"height\":233,\"caption\":\"CREFITO-4\"},\"image\":{\"@id\":\"https:\\\/\\\/crefito4.org.br\\\/site\\\/#\\\/schema\\\/logo\\\/image\\\/\"},\"sameAs\":[\"https:\\\/\\\/www.facebook.com\\\/Crefito4\\\/\",\"https:\\\/\\\/www.instagram.com\\\/crefito4\\\/\"]},{\"@type\":\"Person\",\"@id\":\"https:\\\/\\\/crefito4.org.br\\\/site\\\/#\\\/schema\\\/person\\\/a78a00f583172c2a380c7023ad94625f\",\"name\":\"Jota\",\"image\":{\"@type\":\"ImageObject\",\"inLanguage\":\"pt-BR\",\"@id\":\"https:\\\/\\\/secure.gravatar.com\\\/avatar\\\/3b3ca1676e4f287330874f50b34c5de2df70bb906d6f62901dd895a0fa6f33ee?s=96&d=mm&r=g\",\"url\":\"https:\\\/\\\/secure.gravatar.com\\\/avatar\\\/3b3ca1676e4f287330874f50b34c5de2df70bb906d6f62901dd895a0fa6f33ee?s=96&d=mm&r=g\",\"contentUrl\":\"https:\\\/\\\/secure.gravatar.com\\\/avatar\\\/3b3ca1676e4f287330874f50b34c5de2df70bb906d6f62901dd895a0fa6f33ee?s=96&d=mm&r=g\",\"caption\":\"Jota\"},\"url\":\"https:\\\/\\\/crefito4.org.br\\\/site\\\/author\\\/jota-ascom\\\/\"}]}<\/script>\n<!-- \/ Yoast SEO plugin. -->","yoast_head_json":{"title":"Nota Oficial em defesa da FORMA\u00c7\u00c3O PRESENCIAL em Fisioterapia e Terapia Ocupacional - CREFITO-4","robots":{"index":"index","follow":"follow","max-snippet":"max-snippet:-1","max-image-preview":"max-image-preview:large","max-video-preview":"max-video-preview:-1"},"canonical":"https:\/\/crefito4.org.br\/site\/2025\/05\/21\/nota-oficial-em-defesa-da-formacao-presencial-em-fisioterapia-e-terapia-ocupacional\/","og_locale":"pt_BR","og_type":"article","og_title":"Nota Oficial em defesa da FORMA\u00c7\u00c3O PRESENCIAL em Fisioterapia e Terapia Ocupacional - CREFITO-4","og_description":"O CREFITO-4 MG vem a p\u00fablico, por meio desta nota oficial, manifestar sua preocupa\u00e7\u00e3o e veemente discord\u00e2ncia em rela\u00e7\u00e3o ao decreto publicado nesta segunda-feira (19) pelo Governo Federal, que institui o novo Marco Regulat\u00f3rio da Educa\u00e7\u00e3o a Dist\u00e2ncia (EaD) no Brasil. A respectiva normativa determina a proibi\u00e7\u00e3o da modalidade a [&hellip;]","og_url":"https:\/\/crefito4.org.br\/site\/2025\/05\/21\/nota-oficial-em-defesa-da-formacao-presencial-em-fisioterapia-e-terapia-ocupacional\/","og_site_name":"CREFITO-4","article_publisher":"https:\/\/www.facebook.com\/Crefito4\/","article_published_time":"2025-05-21T17:31:38+00:00","article_modified_time":"2025-05-22T17:34:11+00:00","og_image":[{"width":1080,"height":810,"url":"https:\/\/crefito4.org.br\/site\/wp-content\/uploads\/2025\/05\/57533059_1339920039491470_3708299931874754560_n.jpg","type":"image\/jpeg"}],"author":"Jota","twitter_card":"summary_large_image","twitter_misc":{"Escrito por":"Jota","Est. tempo de leitura":"2 minutos"},"schema":{"@context":"https:\/\/schema.org","@graph":[{"@type":"Article","@id":"https:\/\/crefito4.org.br\/site\/2025\/05\/21\/nota-oficial-em-defesa-da-formacao-presencial-em-fisioterapia-e-terapia-ocupacional\/#article","isPartOf":{"@id":"https:\/\/crefito4.org.br\/site\/2025\/05\/21\/nota-oficial-em-defesa-da-formacao-presencial-em-fisioterapia-e-terapia-ocupacional\/"},"author":{"name":"Jota","@id":"https:\/\/crefito4.org.br\/site\/#\/schema\/person\/a78a00f583172c2a380c7023ad94625f"},"headline":"Nota Oficial em defesa da FORMA\u00c7\u00c3O PRESENCIAL em Fisioterapia e Terapia Ocupacional","datePublished":"2025-05-21T17:31:38+00:00","dateModified":"2025-05-22T17:34:11+00:00","mainEntityOfPage":{"@id":"https:\/\/crefito4.org.br\/site\/2025\/05\/21\/nota-oficial-em-defesa-da-formacao-presencial-em-fisioterapia-e-terapia-ocupacional\/"},"wordCount":277,"commentCount":0,"publisher":{"@id":"https:\/\/crefito4.org.br\/site\/#organization"},"image":{"@id":"https:\/\/crefito4.org.br\/site\/2025\/05\/21\/nota-oficial-em-defesa-da-formacao-presencial-em-fisioterapia-e-terapia-ocupacional\/#primaryimage"},"thumbnailUrl":"https:\/\/crefito4.org.br\/site\/wp-content\/uploads\/2025\/05\/57533059_1339920039491470_3708299931874754560_n.jpg","articleSection":["Not\u00edcias Recentes"],"inLanguage":"pt-BR","potentialAction":[{"@type":"CommentAction","name":"Comment","target":["https:\/\/crefito4.org.br\/site\/2025\/05\/21\/nota-oficial-em-defesa-da-formacao-presencial-em-fisioterapia-e-terapia-ocupacional\/#respond"]}]},{"@type":"WebPage","@id":"https:\/\/crefito4.org.br\/site\/2025\/05\/21\/nota-oficial-em-defesa-da-formacao-presencial-em-fisioterapia-e-terapia-ocupacional\/","url":"https:\/\/crefito4.org.br\/site\/2025\/05\/21\/nota-oficial-em-defesa-da-formacao-presencial-em-fisioterapia-e-terapia-ocupacional\/","name":"Nota Oficial em defesa da FORMA\u00c7\u00c3O PRESENCIAL em Fisioterapia e Terapia Ocupacional - CREFITO-4","isPartOf":{"@id":"https:\/\/crefito4.org.br\/site\/#website"},"primaryImageOfPage":{"@id":"https:\/\/crefito4.org.br\/site\/2025\/05\/21\/nota-oficial-em-defesa-da-formacao-presencial-em-fisioterapia-e-terapia-ocupacional\/#primaryimage"},"image":{"@id":"https:\/\/crefito4.org.br\/site\/2025\/05\/21\/nota-oficial-em-defesa-da-formacao-presencial-em-fisioterapia-e-terapia-ocupacional\/#primaryimage"},"thumbnailUrl":"https:\/\/crefito4.org.br\/site\/wp-content\/uploads\/2025\/05\/57533059_1339920039491470_3708299931874754560_n.jpg","datePublished":"2025-05-21T17:31:38+00:00","dateModified":"2025-05-22T17:34:11+00:00","breadcrumb":{"@id":"https:\/\/crefito4.org.br\/site\/2025\/05\/21\/nota-oficial-em-defesa-da-formacao-presencial-em-fisioterapia-e-terapia-ocupacional\/#breadcrumb"},"inLanguage":"pt-BR","potentialAction":[{"@type":"ReadAction","target":["https:\/\/crefito4.org.br\/site\/2025\/05\/21\/nota-oficial-em-defesa-da-formacao-presencial-em-fisioterapia-e-terapia-ocupacional\/"]}]},{"@type":"ImageObject","inLanguage":"pt-BR","@id":"https:\/\/crefito4.org.br\/site\/2025\/05\/21\/nota-oficial-em-defesa-da-formacao-presencial-em-fisioterapia-e-terapia-ocupacional\/#primaryimage","url":"https:\/\/crefito4.org.br\/site\/wp-content\/uploads\/2025\/05\/57533059_1339920039491470_3708299931874754560_n.jpg","contentUrl":"https:\/\/crefito4.org.br\/site\/wp-content\/uploads\/2025\/05\/57533059_1339920039491470_3708299931874754560_n.jpg","width":1080,"height":810},{"@type":"BreadcrumbList","@id":"https:\/\/crefito4.org.br\/site\/2025\/05\/21\/nota-oficial-em-defesa-da-formacao-presencial-em-fisioterapia-e-terapia-ocupacional\/#breadcrumb","itemListElement":[{"@type":"ListItem","position":1,"name":"In\u00edcio","item":"https:\/\/crefito4.org.br\/site\/"},{"@type":"ListItem","position":2,"name":"Nota Oficial em defesa da FORMA\u00c7\u00c3O PRESENCIAL em Fisioterapia e Terapia Ocupacional"}]},{"@type":"WebSite","@id":"https:\/\/crefito4.org.br\/site\/#website","url":"https:\/\/crefito4.org.br\/site\/","name":"CREFITO-4","description":"Conselho Regional de Fisioterapia e Terapia Ocupacional da 4\u00aa Regi\u00e3o","publisher":{"@id":"https:\/\/crefito4.org.br\/site\/#organization"},"potentialAction":[{"@type":"SearchAction","target":{"@type":"EntryPoint","urlTemplate":"https:\/\/crefito4.org.br\/site\/?s={search_term_string}"},"query-input":{"@type":"PropertyValueSpecification","valueRequired":true,"valueName":"search_term_string"}}],"inLanguage":"pt-BR"},{"@type":"Organization","@id":"https:\/\/crefito4.org.br\/site\/#organization","name":"CREFITO-4","url":"https:\/\/crefito4.org.br\/site\/","logo":{"@type":"ImageObject","inLanguage":"pt-BR","@id":"https:\/\/crefito4.org.br\/site\/#\/schema\/logo\/image\/","url":"https:\/\/crefito4.org.br\/site\/wp-content\/uploads\/2023\/11\/logomarca-crefito4.png","contentUrl":"https:\/\/crefito4.org.br\/site\/wp-content\/uploads\/2023\/11\/logomarca-crefito4.png","width":795,"height":233,"caption":"CREFITO-4"},"image":{"@id":"https:\/\/crefito4.org.br\/site\/#\/schema\/logo\/image\/"},"sameAs":["https:\/\/www.facebook.com\/Crefito4\/","https:\/\/www.instagram.com\/crefito4\/"]},{"@type":"Person","@id":"https:\/\/crefito4.org.br\/site\/#\/schema\/person\/a78a00f583172c2a380c7023ad94625f","name":"Jota","image":{"@type":"ImageObject","inLanguage":"pt-BR","@id":"https:\/\/secure.gravatar.com\/avatar\/3b3ca1676e4f287330874f50b34c5de2df70bb906d6f62901dd895a0fa6f33ee?s=96&d=mm&r=g","url":"https:\/\/secure.gravatar.com\/avatar\/3b3ca1676e4f287330874f50b34c5de2df70bb906d6f62901dd895a0fa6f33ee?s=96&d=mm&r=g","contentUrl":"https:\/\/secure.gravatar.com\/avatar\/3b3ca1676e4f287330874f50b34c5de2df70bb906d6f62901dd895a0fa6f33ee?s=96&d=mm&r=g","caption":"Jota"},"url":"https:\/\/crefito4.org.br\/site\/author\/jota-ascom\/"}]}},"_links":{"self":[{"href":"https:\/\/crefito4.org.br\/site\/wp-json\/wp\/v2\/posts\/100995","targetHints":{"allow":["GET"]}}],"collection":[{"href":"https:\/\/crefito4.org.br\/site\/wp-json\/wp\/v2\/posts"}],"about":[{"href":"https:\/\/crefito4.org.br\/site\/wp-json\/wp\/v2\/types\/post"}],"author":[{"embeddable":true,"href":"https:\/\/crefito4.org.br\/site\/wp-json\/wp\/v2\/users\/5"}],"replies":[{"embeddable":true,"href":"https:\/\/crefito4.org.br\/site\/wp-json\/wp\/v2\/comments?post=100995"}],"version-history":[{"count":1,"href":"https:\/\/crefito4.org.br\/site\/wp-json\/wp\/v2\/posts\/100995\/revisions"}],"predecessor-version":[{"id":100997,"href":"https:\/\/crefito4.org.br\/site\/wp-json\/wp\/v2\/posts\/100995\/revisions\/100997"}],"wp:featuredmedia":[{"embeddable":true,"href":"https:\/\/crefito4.org.br\/site\/wp-json\/wp\/v2\/media\/100996"}],"wp:attachment":[{"href":"https:\/\/crefito4.org.br\/site\/wp-json\/wp\/v2\/media?parent=100995"}],"wp:term":[{"taxonomy":"category","embeddable":true,"href":"https:\/\/crefito4.org.br\/site\/wp-json\/wp\/v2\/categories?post=100995"},{"taxonomy":"post_tag","embeddable":true,"href":"https:\/\/crefito4.org.br\/site\/wp-json\/wp\/v2\/tags?post=100995"}],"curies":[{"name":"wp","href":"https:\/\/api.w.org\/{rel}","templated":true}]}}